{"id":6240,"date":"2007-08-12T10:25:49","date_gmt":"2007-08-12T08:25:49","guid":{"rendered":"https:\/\/simlogic.pl\/?p=6240"},"modified":"2025-06-17T10:26:14","modified_gmt":"2025-06-17T08:26:14","slug":"medal-siemensa","status":"publish","type":"post","link":"https:\/\/simlogic.pl\/en\/medal-siemensa\/","title":{"rendered":"Medal SIEMENSa"},"content":{"rendered":"<p>[et_pb_section fb_built=&#8221;1&#8243; theme_builder_area=&#8221;post_content&#8221; _builder_version=&#8221;4.27.4&#8243; _module_preset=&#8221;default&#8221;][et_pb_row _builder_version=&#8221;4.27.4&#8243; _module_preset=&#8221;default&#8221; theme_builder_area=&#8221;post_content&#8221; custom_padding=&#8221;0px|||||&#8221;][et_pb_column _builder_version=&#8221;4.27.4&#8243; _module_preset=&#8221;default&#8221; type=&#8221;4_4&#8243; theme_builder_area=&#8221;post_content&#8221;][et_pb_text _builder_version=&#8221;4.27.4&#8243; _module_preset=&#8221;default&#8221; theme_builder_area=&#8221;post_content&#8221; hover_enabled=&#8221;0&#8243; sticky_enabled=&#8221;0&#8243;]<\/p>\n<p><span>W jubileuszowym roku 15-lecia dzia\u0142alno\u015bci Siemens Sp. z o.o. ustanowiony zosta\u0142 Medal Siemensa, wr\u0119czany osobom i instytucjom zas\u0142u\u017conym dla rozwoju Sp\u00f3\u0142ki oraz dla wsp\u00f3\u0142pracy Siemensa z otoczeniem gospodarczym lub spo\u0142ecznym.<\/span><\/p>\n<p>\u017ar\u00f3d\u0142o:<span>\u00a0<\/span><a href=\"http:\/\/www.siemens.pl\/\">www.siemens.pl<\/a><\/p>\n<p>W jubileuszowym roku 15-lecia dzia\u0142alno\u015bci Siemens Sp. z o.o. ustanowiony zosta\u0142 Medal Siemensa, wr\u0119czany osobom i instytucjom zas\u0142u\u017conym dla rozwoju Sp\u00f3\u0142ki oraz dla wsp\u00f3\u0142pracy Siemensa z otoczeniem gospodarczym lub spo\u0142ecznym.<\/p>\n<p>Medal odlany zosta\u0142 w br\u0105zie. Jego awers przedstawia grup\u0119 os\u00f3b wpisan\u0105 w kszta\u0142t kolumny i symbolicznie d\u017awigaj\u0105cych nazw\u0119 naszej firmy oraz napis Polonia. W ten spos\u00f3b wyra\u017cona zosta\u0142a idea ludzi buduj\u0105cych si\u0142\u0119 firmy, kt\u00f3ra z kolej przyczynia si\u0119 do budowy polskiej gospodarki.<br \/>Na rewersie medalu widnieje graficznie przetworzony wycinek elektronicznego obwodu drukowanego. Na jego tle umieszczony jest \u0142aci\u0144ski napis MERENTIBUS &#8222;Zas\u0142u\u017conym&#8221; oraz data 2006 &#8211; rok ustanowienia medalu.<\/p>\n<p>Tw\u00f3rczyni\u0105 medalu jest znana polska artystka-rze\u017abiarka Beata W\u0105tr\u00f3bska-Wdowiarska, autorka licznych medali, plakiet okoliczno\u015bciowych i ma\u0142ych form rze\u017abiarskich.<\/p>\n<p>Pierwsze medale wr\u0119czone zosta\u0142y w maju 2006 roku.<br \/>Otrzymali je:<\/p>\n<p>&nbsp;<\/p>\n<ol>\n<li>O. Izydor Matuszewski, genera\u0142 zakonu paulin\u00f3w<br \/>&#8211; w dow\u00f3d uznania i wdzi\u0119czno\u015bci za pomoc w otwarciu Siemensa na problemy polskiego spo\u0142ecze\u0144stwa oraz za wnoszenie duchowych warto\u015bci w \u017cycie Polski i jej \u015brodowiska gospodarczego (22 maja 2006)<\/li>\n<li>Prof. Marek Dietrich, dyrektor Instytutu Problem\u00f3w Wsp\u00f3\u0142czesnej Cywilizacji w Warszawie, w latach 1990-1996 rektor Politechniki Warszawskiej<br \/>&#8211; w dow\u00f3d uznania i wdzi\u0119czno\u015bci za wybitny wk\u0142ad w rozw\u00f3j wsp\u00f3\u0142pracy Siemensa z polsk\u0105 Nauk\u0105 i wypromowanie Nagrody Siemensa (29 maja 2006)<\/li>\n<li>Prof. W\u0142adys\u0142aw W\u0142osi\u0144ski, Przewodnicz\u0105cy Wydzia\u0142u IV Nauk Technicznych Polskiej Akademii Nauk, w latach 1994-1999 prorektor Politechniki Warszawskiej ds. Nauki<br \/>&#8211; w dow\u00f3d uznania i wdzi\u0119czno\u015bci za wybitny wk\u0142ad w rozw\u00f3j wsp\u00f3\u0142pracy Siemensa z polskim \u015brodowiskiem politechnicznym oraz za nieustaj\u0105ce zaanga\u017cowanie w organizacj\u0119 i propagowanie Konkursu o Nagrod\u0119 Siemensa (29 maja 2006)<\/li>\n<li>Janusz Reiter, ambasador nadzwyczajny i pe\u0142nomocny Rzeczpospolitej Polskiej w Stanach Zjednoczonych, wsp\u00f3\u0142za\u0142o\u017cyciel i pierwszy dyrektor Centrum Stosunk\u00f3w Mi\u0119dzynarodowych, b. cz\u0142onek Rady Nadzorczej Siemens Sp. z o.o. i konsultant Zarz\u0105du Sp\u00f3\u0142ki do spraw gospodarczo-politycznych<br \/>&#8211; w dow\u00f3d uznania i wdzi\u0119czno\u015bci za wybitny wk\u0142ad w umacnianie spo\u0142ecznych wi\u0119zi Siemensa w Polsce oraz zacie\u015bnianie zwi\u0105zk\u00f3w mi\u0119dzy polskimi i niemieckimi \u015brodowiskami gospodarczymi (29 maja 2006)<\/li>\n<li>Politechnika Wroc\u0142awska, jedna z najwi\u0119kszych i najlepszych uczelni technicznych w kraju, czo\u0142owa polska uczelnia kszta\u0142c\u0105ca specjalist\u00f3w w dziedzinie elektroniki<br \/>&#8211; w dow\u00f3d uznania i wdzi\u0119czno\u015bci za przygotowanie znakomitych kadr polskich specjalist\u00f3w-informatyk\u00f3w i za sta\u0142\u0105, owocn\u0105 wsp\u00f3\u0142prac\u0119 z Siemensem na polu rozwoju najnowocze\u015bniejszych technologii (29 maja 2006)<\/li>\n<\/ol>\n<p>[\/et_pb_text][\/et_pb_column][\/et_pb_row][\/et_pb_section]<\/p>","protected":false},"excerpt":{"rendered":"<p>W jubileuszowym roku 15-lecia dzia\u0142alno\u015bci Siemens Sp. z o.o. ustanowiony zosta\u0142 Medal Siemensa, wr\u0119czany osobom i instytucjom zas\u0142u\u017conym dla rozwoju Sp\u00f3\u0142ki oraz dla wsp\u00f3\u0142pracy Siemensa z otoczeniem gospodarczym lub spo\u0142ecznym. \u017ar\u00f3d\u0142o:\u00a0www.siemens.pl W jubileuszowym roku 15-lecia dzia\u0142alno\u015bci Siemens Sp. z o.o. ustanowiony zosta\u0142 Medal Siemensa, wr\u0119czany osobom i instytucjom zas\u0142u\u017conym dla rozwoju Sp\u00f3\u0142ki oraz dla wsp\u00f3\u0142pracy [&hellip;]<\/p>","protected":false},"author":2,"featured_media":0,"comment_status":"closed","ping_status":"open","sticky":false,"template":"","format":"standard","meta":{"_et_pb_use_builder":"on","_et_pb_old_content":"","_et_gb_content_width":"","footnotes":""},"categories":[289,10],"tags":[],"class_list":["post-6240","post","type-post","status-publish","format-standard","hentry","category-289","category-aktualnosci"],"jetpack_featured_media_url":"","_links":{"self":[{"href":"https:\/\/simlogic.pl\/en\/wp-json\/wp\/v2\/posts\/6240","targetHints":{"allow":["GET"]}}],"collection":[{"href":"https:\/\/simlogic.pl\/en\/wp-json\/wp\/v2\/posts"}],"about":[{"href":"https:\/\/simlogic.pl\/en\/wp-json\/wp\/v2\/types\/post"}],"author":[{"embeddable":true,"href":"https:\/\/simlogic.pl\/en\/wp-json\/wp\/v2\/users\/2"}],"replies":[{"embeddable":true,"href":"https:\/\/simlogic.pl\/en\/wp-json\/wp\/v2\/comments?post=6240"}],"version-history":[{"count":2,"href":"https:\/\/simlogic.pl\/en\/wp-json\/wp\/v2\/posts\/6240\/revisions"}],"predecessor-version":[{"id":6242,"href":"https:\/\/simlogic.pl\/en\/wp-json\/wp\/v2\/posts\/6240\/revisions\/6242"}],"wp:attachment":[{"href":"https:\/\/simlogic.pl\/en\/wp-json\/wp\/v2\/media?parent=6240"}],"wp:term":[{"taxonomy":"category","embeddable":true,"href":"https:\/\/simlogic.pl\/en\/wp-json\/wp\/v2\/categories?post=6240"},{"taxonomy":"post_tag","embeddable":true,"href":"https:\/\/simlogic.pl\/en\/wp-json\/wp\/v2\/tags?post=6240"}],"curies":[{"name":"wp","href":"https:\/\/api.w.org\/{rel}","templated":true}]}}